["Te",["Templ\u00e1\u0159i","Teroristick\u00e9 \u00fatoky v Pa\u0159\u00ed\u017ei a Bruselu byly zosnov\u00e1ny z\u00e1padn\u00edmi vl\u00e1dami","Teroristick\u00fd \u00fatok v Halle byl zinscenovan\u00fd Mossadem"],["","",""],["http://www.atlaskonspiraci.cz/Templ%C3%A1%C5%99i","http://www.atlaskonspiraci.cz/Teroristick%C3%A9_%C3%BAtoky_v_Pa%C5%99%C3%AD%C5%BEi_a_Bruselu_byly_zosnov%C3%A1ny_z%C3%A1padn%C3%ADmi_vl%C3%A1dami","http://www.atlaskonspiraci.cz/Teroristick%C3%BD_%C3%BAtok_v_Halle_byl_zinscenovan%C3%BD_Mossadem"]]